{"provider_url": "https://www.miguelpereira.rj.leg.br", "title": "Hist\u00f3ria", "html": "<p><strong>1 - Hist\u00f3rico</strong></p>\r\n<div class=\"hist__texto\">A hist\u00f3ria do atual Munic\u00edpio de Miguel Pereira est\u00e1 vinculada \u00e0 de toda a regi\u00e3o de Vassouras, da qual foi desmembrado. Naquela regi\u00e3o, no 'Caminho Novo do Tingu\u00e1', nas proximidades da margem direita do rio Para\u00edba do Sul, se erigiu a vila, mais tarde Cidade de Vassouras e, em bifurca\u00e7\u00e3o, se atingia a ro\u00e7a do Alferes, onde se desmembraria a do Pati, que seria a primitiva sede municipal Pati do Alferes.</div>\r\n<div class=\"hist__texto\"></div>\r\n<div class=\"hist__texto\">No Arquivo P\u00fablico Nacional h\u00e1 refer\u00eancias de v\u00e1rias sesmarias concedidas na regi\u00e3o, entre as quais a de Marcos da Costa da Fonseca Castelo Branco, antigo almoxarife da Fazenda Real do Rio de Janeiro, em 1708, e a Ro\u00e7a do Alferes. Esse roteiro, que partia do Rio de Janeiro, ganhava, depois de transposta a serra, a ro\u00e7a de Marcos da Costa, Ro\u00e7a do Alferes, confirmando, assim, a penetra\u00e7\u00e3o atrav\u00e9s do territ\u00f3rio do atual Munic\u00edpio, pois a sesmaria de Marcos da Costa se localizava nas proximidades das cabeceiras do rio Sant'Ana.</div>\r\n<div class=\"hist__texto\"></div>\r\n<div class=\"hist__texto\">Essa regi\u00e3o alcan\u00e7ou grande prosperidade, gra\u00e7as ao bra\u00e7o escravo empregado na sua lavoura, e sentiu os efeitos da aboli\u00e7\u00e3o da escravatura, que, de resto, deixou em quase todos os Munic\u00edpios fluminenses um marco de decad\u00eancia, provocado pela falta de bra\u00e7os para os trabalhos do campo.</div>\r\n<div class=\"hist__texto\"></div>\r\n<div class=\"hist__texto\">Por volta de 1878 j\u00e1 se cogitava da constru\u00e7\u00e3o de uma estrada de ferro, que partindo de Bel\u00e9m (atual Japeri), fosse terminar em Pati do Alferes. Em 15 de mar\u00e7o de 1882 o Governo Federal assinava contrato com os engenheiros Luiz Rafael Vieira Souto e Henrique Eduardo Hargreves, determinando a passagem ferrovi\u00e1ria pelos vales do rio Sant'Ana e ribeir\u00e3o de Ub\u00e1.</div>\r\n<div class=\"hist__texto\"></div>\r\n<div class=\"hist__texto\">O primitivo nome da localidade era Barreiros originado de uma \u00e1rea da fazenda S\u00e3o Francisco, de propriedade de Ant\u00f4nio Francisco Apolin\u00e1rio, em 1872. Por ali passavam, na \u00e9poca, tropas de burros, que ficavam atolados, em virtude da grande quantidade de barro existente no local. Depois que se construiu a Estrada de Ferro Melhoramentos do Brasil, por volta de 1898, vencida j\u00e1 a serra, a localidade passou a chamar-se Fazenda da Estiva. Em 1918 seu top\u00f4nimo foi mudado para Professor Miguel Pereira, ilustre figura da medicina brasileira que, com a sa\u00fade abalada, ali residiu durante v\u00e1rios anos.</div>\r\n<div class=\"hist__texto\"></div>\r\n<div class=\"hist__texto\">O povoado de Governador Portela, distrito de Miguel Pereira, recebeu esse nome em homenagem ao Dr. Francisco Portela, primeiro Governador do Estado.</div>\r\n<div class=\"hist__texto\"></div>\r\n<div class=\"hist__texto\">O Munic\u00edpio de Miguel Pereira, recebeu esse nome em homenagem ao m\u00e9dico e professor Miguel da Silva Pereira que difundiu as qualidades do clima do local.<br /><br /><strong></strong></div>\r\n<div class=\"hist__texto\"><strong>2 - Gent\u00edlico:</strong><span> miguelense</span></div>\r\n<div class=\"hist__texto\"><br /><strong></strong></div>\r\n<div class=\"hist__texto\"><strong>3 - Forma\u00e7\u00e3o Administrativa</strong></div>\r\n<h3 class=\"mceContentBody documentContent template-document_view portaltype-document site-portal section-institucional subsection-historia subsection-historia-pagina-padrao icons-on userrole-authenticated userrole-site administrator userrole-member userrole-manager userrole-editor userrole-reader userrole-contributor userrole-reviewer\"></h3>\r\n<div class=\"hist__texto\">Distrito criado com a denomina\u00e7\u00e3o de Miguel Pereira, pela lei estadual n\u00b0 1055, de 31-12-1943, confirmado pela lei estadual n\u00ba 1056, de 31-12-1943, com \u00e1reas desmembradas do distrito de Governador Portela, subordinado ao munic\u00edpio de Vassouras.<br />Em divis\u00e3o territorial datada de I-VII-1955, o distrito de Miguel Pereira figura no munic\u00edpio de Vassouras.<br />Elevado \u00e0 categoria de munic\u00edpio com a denomina\u00e7\u00e3o de Miguel Pereira, pela lei estadual n.\u00b0 2 626, de 25-10-1955, desmembrado de Vassouras. Sede no antigo distrito de Miguel Pereira. Constitu\u00eddo de 2 distritos: Miguel Pereira e Governador Portela, ambos desmembrados de Vassouras. Instalado em 26-07-1956.<br />Em divis\u00e3o territorial datada I-VII-1960, o munic\u00edpio \u00e9 constitu\u00eddo de 2 distritos: Miguel Pereira e Governador Portela.<br />Assim permanecendo em divis\u00e3o territorial datada de 1-VII-1983.<br />Pela lei estadual n\u00ba 1253, de 14-12-1987, o munic\u00edpio de Miguel Pereira adquiriu o distrito de Conrado do munic\u00edpio de Vassouras.<br />Em 'Sintese' de 31-XII-1994, o munic\u00edpio \u00e9 constitu\u00eddo de 3 distritos: Miguel Pereira, Conrado e Governador Portela.<br />Assim permanecendo em divis\u00e3o territorial datada de 2007.</div>\r\n<div class=\"hist__texto\"></div>\r\n<div>\r\n<h3 class=\"hist__titulo\">Fonte</h3>\r\n<div class=\"hist__texto\">IBGE</div>\r\n</div>\r\n<p><span><br /></span></p>\r\n<p><span><br /></span></p>", "author_name": "Interlegis", "version": "1.0", "author_url": "https://www.miguelpereira.rj.leg.br/author/Interlegis", "provider_name": "C\u00e2mara Municipal de Miguel Pereira", "type": "rich"}