{"provider_url": "https://www.miguelpereira.rj.leg.br", "title": "Sess\u00e3o Extraordin\u00e1ria - Edital n\u00ba 003/2023", "html": "<h2><b><span><a class=\"external-link\" href=\"https://sapl.miguelpereira.rj.leg.br/media/sapl/private/documentoadministrativo/1696/edital_003-2023.pdf\" target=\"_blank\" title=\"EDITAL N\u00ba 003/2023\">EDITAL N\u00ba 003/2023</a></span></b></h2>\r\n<h2><b><span>\u00a0</span></b>\u00a0 \u00a0 \u00a0 \u00a0 \u00a0 \u00a0 \u00a0 \u00a0 \u00a0 \u00a0 \u00a0 \u00a0 \u00a0 \u00a0 \u00a0 \u00a0 \u00a0 \u00a0 \u00a0 \u00a0 \u00a0 \u00a0 \u00a0 \u00a0</h2>\r\n<p>O Presidente da C\u00e2mara Municipal de Miguel Pereira, faz saber aos Senhores Vereadores, que pelo presente Edital, fica esta Casa Legislativa convocada para as Sess\u00f5es Extraordin\u00e1rias no dia <b>7 DE FEVEREIRO DE 2023 (TER\u00c7A-FEIRA), \u00c0S 18 E \u00c0S 19 HORAS</b>, na forma do artigo 117 do Regimento Interno, combinado com o artigo 19, \u00a7 3\u00ba, I, da Lei Org\u00e2nica Municipal, em decorr\u00eancia do Of\u00edcio n\u00ba 008/2023/GAP/CM, da Prefeitura Municipal de Miguel Pereira, para aprecia\u00e7\u00e3o das <b>Mensagens</b> <b>n.\u00ba 008/2023</b>, <b>n.\u00ba 009/2023</b>, ambas tratando de abertura de cr\u00e9dito suplementar.<i> </i></p>\r\n<p>\u00a0</p>\r\n<p align=\"center\" style=\"text-align: justify; \">C\u00e2mara Municipal de Miguel Pereira,</p>\r\n<p align=\"center\" style=\"text-align: justify; \">Em 2 de fevereiro de 2023.</p>\r\n<p align=\"center\" style=\"text-align: justify; \">\u00a0</p>\r\n<p align=\"center\" style=\"text-align: justify; \"><b>EDUARDO PAULO CORR\u00caA</b></p>\r\n<p style=\"text-align: justify; \"><b>Presidente</b></p>\r\n<p><b><br /></b></p>\r\n<p><b>*Omitido do Di\u00e1rio Oficial n\u00ba 1106, de 2 de fevereiro de 2023.</b></p>\r\n<p><strong>Publicado do\u00a0Di\u00e1rio Oficial n\u00ba 1107, de 3 de fevereiro de 2023.</strong></p>", "author_name": "", "version": "1.0", "author_url": "https://www.miguelpereira.rj.leg.br/author/jeferson", "provider_name": "C\u00e2mara Municipal de Miguel Pereira", "type": "rich"}