{"provider_url": "https://www.miguelpereira.rj.leg.br", "title": "Sess\u00e3o Extraordin\u00e1ria - Edital n\u00ba 004/2024", "html": "<h3 class=\"mceContentBody documentContent template-newsitem_view portaltype-news-item site-portal section-institucional subsection-noticias subsection-noticias-portal_factory subsection-noticias-portal_factory-News Item icons-on userrole-authenticated userrole-site administrator userrole-member userrole-owner userrole-manager userrole-editor userrole-reader userrole-contributor userrole-reviewer\"><b><span><a class=\"external-link\" href=\"https://sapl.miguelpereira.rj.leg.br/docadm/5442\" target=\"_self\" title=\"Sess\u00e3o Extraordin\u00e1ria - Edital n\u00ba 004/2024\">EDITAL N\u00ba 004/2024</a></span></b></h3>\r\n<h3 class=\"mceContentBody documentContent template-newsitem_view portaltype-news-item site-portal section-institucional subsection-noticias subsection-noticias-portal_factory subsection-noticias-portal_factory-News Item icons-on userrole-authenticated userrole-site administrator userrole-member userrole-owner userrole-manager userrole-editor userrole-reader userrole-contributor userrole-reviewer\"></h3>\r\n<div class=\"pageBreak\">Na forma do artigo 117 do Regimento Interno, c/c artigo 19, \u00a7 3\u00ba, I, da Lei Org\u00e2nica Municipal, conforme solicita\u00e7\u00e3o do Prefeito Municipal atrav\u00e9s do Of\u00edcio n\u00ba 048/2024/GAB/CM, de 12/07/2024, o Presidente da C\u00e2mara Municipal de Miguel Pereira faz saber aos Senhores Vereadores que, pelo presente Edital, fica esta Casa Legislativa convocada para a<b> Sess\u00e3o Extraordin\u00e1ria no dia 16 de julho de 2024 (ter\u00e7a-feira), \u00e0s 18h (dezoito horas)</b>, para aprecia\u00e7\u00e3o de mensagem legislativa que disp\u00f5e sobre Cr\u00e9dito Suplementar<i>.</i></div>\r\n<div class=\"pageBreak\"><b><br /></b></div>\r\n<div class=\"pageBreak\"><b>C\u00e2mara Municipal de Miguel Pereira,</b></div>\r\n<div class=\"pageBreak\"><b>Em 12 de julho de 2024.</b></div>\r\n<div class=\"pageBreak\"><b><br /></b></div>\r\n<div class=\"pageBreak\"><b>EDUARDO PAULO CORR\u00caA</b></div>\r\n<div class=\"pageBreak\"><b>Presidente</b></div>", "author_name": "", "version": "1.0", "author_url": "https://www.miguelpereira.rj.leg.br/author/jeferson", "provider_name": "C\u00e2mara Municipal de Miguel Pereira", "type": "rich"}